{"id":1265,"date":"2019-05-18T13:13:38","date_gmt":"2019-05-18T10:13:38","guid":{"rendered":"http:\/\/enguru.org.tr\/?p=1265"},"modified":"2019-05-18T13:13:38","modified_gmt":"2019-05-18T10:13:38","slug":"enguru-terennum-klasik-turk-muzigi-toplulugu-konseri-18-mayis-2019","status":"publish","type":"post","link":"https:\/\/enguru.org.tr\/index.php\/2019\/05\/18\/enguru-terennum-klasik-turk-muzigi-toplulugu-konseri-18-mayis-2019\/","title":{"rendered":"ENG\u00dcR\u00dc Terenn\u00fcm Kl\u00e2sik T\u00fcrk M\u00fczi\u011fi Toplulu\u011fu Konseri (18 May\u0131s 2019)"},"content":{"rendered":"<p><img loading=\"lazy\" decoding=\"async\" class=\"aligncenter size-full wp-image-1266\" src=\"http:\/\/enguru.org.tr\/wp-content\/uploads\/2019\/05\/2019Mayis_EnguruKonserHaber.jpg\" alt=\"2019Mayis_EnguruKonserHaber\" width=\"620\" height=\"379\" \/><\/p>\n<p>Ses sanat\u00e7\u0131s\u0131 ve klasik koro \u015fefi Vedat Kaptan Yurdakul\u2019un Onursal kurucu ba\u015fkanl\u0131\u011f\u0131n\u0131n yan\u0131 s\u0131ra \u015fefli\u011fini de \u00fcstlendi\u011fi Eng\u00fcr\u00fc Terenn\u00fcm Kl\u00e2sik T\u00fcrk M\u00fczi\u011fi Toplulu\u011fu 40. Konserini verdi.<br \/>\nAnkara \u00dcniversitesi Dil ve Tarih \u2013 Co\u011frafya Fak\u00fcltesi F\u00e2r\u00e2bi Salonu\u2019nda ger\u00e7ekle\u015fen konserin sunumunu her zaman oldu\u011fu gibi Faruk Cenap Erdo\u011fan yapt\u0131.<br \/>\nKonserin \u00f6ncesi bir konu\u015fma yapan Dernek Ba\u015fkan\u0131 Tanyol \u00c7oruh etkinli\u011fin ger\u00e7ekle\u015fmesine katk\u0131lar\u0131 olan ki\u015fi ve kurulu\u015flara ayr\u0131 ayr\u0131 te\u015fekk\u00fcr etti. \u00c7oruh konu\u015fmas\u0131nda d\u00fc\u015f\u00fcncelerini \u015fu c\u00fcmlelerle ifade etti:<br \/>\n\u201cTerenn\u00fcm Kl\u00e2sik T\u00fcrk M\u00fczi\u011fi Toplulu\u011fu olarak 20 y\u0131ld\u0131r; ba\u015fka bir ifade ile y\u0131lda iki konserden hesaplanacak olursa tam 40 konserdir, m\u00fbs\u0131k\u00eemizin en prestijli, en sanatl\u0131 eserlerini, siz de\u011ferli dostlar\u0131m\u0131zla payla\u015fmaya \u00e7abas\u0131i\u00e7indeyiz. Ba\u015flang\u0131\u00e7tan bu yana hocam\u0131z ve \u015fefimiz, de\u011ferli m\u00fczisyen Vedat Kaptan Yurdakul \u00f6nderli\u011finde s\u00fcrd\u00fcrd\u00fc\u011f\u00fcm\u00fcz bu keyifli ve d\u00fczeyli yolculu\u011fu, onunla birlikte (ve elbette \u00e7\u0131tay\u0131 asla d\u00fc\u015f\u00fcrmeksizin) gidebildi\u011fi yere kadar da g\u00f6t\u00fcrmeye azimliyiz.<br \/>\n\u2018Makamlar\u0131m\u0131z ve Bestek\u00e2rlar\u0131m\u0131z\u2019 temal\u0131 bu 40. konserimizin birinci b\u00f6l\u00fcm\u00fcnde farkl\u0131 zamanlarda ya\u015fam\u0131\u015f \u00e7ok de\u011ferli bestek\u00e2rlar taraf\u0131ndan T\u00fcrk M\u00fczi\u011fi repertuar\u0131na kazand\u0131r\u0131lm\u0131\u015f olan Hicazk\u00e2r makam\u0131ndaki eserlerin ense\u00e7kinleri yer al\u0131yor. \u0130kinci b\u00f6l\u00fcmde ise, koromuz ve solistlerimiz, merhum<br \/>\nSelahattin Alt\u0131nba\u015f\u2019\u0131n g\u00fczel \u015fark\u0131lar\u0131n\u0131 yorumlayacaklar. Bu nedenle bu ak\u015fam huzurlar\u0131n\u0131za, bu de\u011ferli bestek\u00e2r\u0131n birinci ve ikinci ku\u015fak yak\u0131n\u0131 olan saz sanat\u00e7\u0131lar\u0131n\u0131n da kat\u0131laca\u011f\u0131 zenginle\u015ftirilmi\u015f bir saz heyeti ile \u00e7\u0131kt\u0131k. Babalar\u0131n\u0131, dedelerini, amcalar\u0131n\u0131 ya da day\u0131lar\u0131n\u0131 ya\u015fatmak \u00fczere konserimize kat\u0131lm\u0131\u015f olmalar\u0131 nedeniyle, b\u00fct\u00fcn akraba sanat\u00e7\u0131lara, b\u00fcy\u00fck o\u011flu Sevgili Ayg\u00fcn Alt\u0131nba\u015f\u2019\u0131n \u015fahs\u0131nda \u015fimdiden te\u015fekk\u00fcr etmek istiyorum.\u201d<br \/>\nSalona gelen m\u00fczikseverlerin yan\u0131 s\u0131ra bir de \u00fcnl\u00fc konuk sanat\u00e7\u0131 vard\u0131: Ela Alt\u0131n. Konseri b\u00fcy\u00fck bir dikkatle izleyen Ela Alt\u0131n\u2019a \u015fef Vedat Kaptan Yurdakul bir buket \u00e7i\u00e7ek verdi. Alt\u0131n koroyu \u00e7ok be\u011fendi\u011fini, salonda olmaktan b\u00fcy\u00fck keyif ald\u0131\u011f\u0131n\u0131 ifade etti.<\/p>\n<p>Kaynak: <a href=\"http:\/\/www.24saatgazetesi.com\/19-mayis-icin-bilkentte-gencler-konseri\/\">Do\u011fan Bulgun- 24 Saat Gazetesi<\/a><\/p>\n","protected":false},"excerpt":{"rendered":"<p>Ses sanat\u00e7\u0131s\u0131 ve klasik koro \u015fefi Vedat Kaptan Yurdakul\u2019un Onursal kurucu ba\u015fkanl\u0131\u011f\u0131n\u0131n yan\u0131 s\u0131ra \u015fefli\u011fini de \u00fcstlendi\u011fi Eng\u00fcr\u00fc Terenn\u00fcm Kl\u00e2sik T\u00fcrk M\u00fczi\u011fi Toplulu\u011fu 40. Konserini verdi. Ankara \u00dcniversitesi Dil ve Tarih \u2013 Co\u011frafya Fak\u00fcltesi F\u00e2r\u00e2bi Salonu\u2019nda ger\u00e7ekle\u015fen konserin sunumunu her zaman oldu\u011fu gibi Faruk Cenap Erdo\u011fan yapt\u0131. Konserin \u00f6ncesi bir konu\u015fma yapan Dernek Ba\u015fkan\u0131 Tanyol [&hellip;]<\/p>\n","protected":false},"author":2,"featured_media":1266,"comment_status":"closed","ping_status":"closed","sticky":false,"template":"","format":"standard","meta":{"footnotes":""},"categories":[4],"tags":[24,30,43],"class_list":["post-1265","post","type-post","status-publish","format-standard","has-post-thumbnail","hentry","category-basin","tag-24saat","tag-basin","tag-enguru-konser-2019"],"_links":{"self":[{"href":"https:\/\/enguru.org.tr\/index.php\/wp-json\/wp\/v2\/posts\/1265","targetHints":{"allow":["GET"]}}],"collection":[{"href":"https:\/\/enguru.org.tr\/index.php\/wp-json\/wp\/v2\/posts"}],"about":[{"href":"https:\/\/enguru.org.tr\/index.php\/wp-json\/wp\/v2\/types\/post"}],"author":[{"embeddable":true,"href":"https:\/\/enguru.org.tr\/index.php\/wp-json\/wp\/v2\/users\/2"}],"replies":[{"embeddable":true,"href":"https:\/\/enguru.org.tr\/index.php\/wp-json\/wp\/v2\/comments?post=1265"}],"version-history":[{"count":0,"href":"https:\/\/enguru.org.tr\/index.php\/wp-json\/wp\/v2\/posts\/1265\/revisions"}],"wp:featuredmedia":[{"embeddable":true,"href":"https:\/\/enguru.org.tr\/index.php\/wp-json\/"}],"wp:attachment":[{"href":"https:\/\/enguru.org.tr\/index.php\/wp-json\/wp\/v2\/media?parent=1265"}],"wp:term":[{"taxonomy":"category","embeddable":true,"href":"https:\/\/enguru.org.tr\/index.php\/wp-json\/wp\/v2\/categories?post=1265"},{"taxonomy":"post_tag","embeddable":true,"href":"https:\/\/enguru.org.tr\/index.php\/wp-json\/wp\/v2\/tags?post=1265"}],"curies":[{"name":"wp","href":"https:\/\/api.w.org\/{rel}","templated":true}]}}