{"id":1414,"date":"2024-09-17T10:25:16","date_gmt":"2024-09-17T07:25:16","guid":{"rendered":"https:\/\/enguru.org.tr\/?p=1414"},"modified":"2024-09-17T11:21:31","modified_gmt":"2024-09-17T08:21:31","slug":"berran-yalcin","status":"publish","type":"post","link":"https:\/\/enguru.org.tr\/index.php\/2024\/09\/17\/berran-yalcin\/","title":{"rendered":"BERRAN YAL\u00c7IN"},"content":{"rendered":"\n<p>Sinop\u2019ta do\u011fdu. \u0130lk ve ortaokul \u00f6\u011frenimini Sinop\u2019ta yapt\u0131ktan sonra Kastamonu K\u0131z \u0130lk\u00f6\u011fretmen Okulunda okudu.<\/p>\n\n\n\n<p>Ortaokul y\u0131llar\u0131ndan itibaren \u015fiirleri Varl\u0131k, Ilgaz, Elif, \u00c7a\u011fr\u0131 gibi gazete ve dergilerde, G\u00fcl Deste ve Ajans T\u00fcrk yay\u0131nlar\u0131 antolojilerinde yer ald\u0131. TRT\u2019nin&nbsp; (Geceye Do\u011fru, Enis Fosforo\u011flu ile 120 Dakika, Bir Tutam Hasret)&nbsp; radyo programlar\u0131nda d\u00fczenli olarak \u015fiirleri okundu.&nbsp;<\/p>\n\n\n\n<p>60\u2019l\u0131 y\u0131llarda \u201c\u00d6\u011fretmeni \u0130\u015f Ba\u015f\u0131nda Yeti\u015ftirme B\u00fcrosu\u201d i\u00e7in haz\u0131rlay\u0131p yazd\u0131\u011f\u0131 \u201cK\u00f6yde Bayram\u201d, \u201cBir K\u00f6y, Bir \u00d6\u011fretmen\u201d gibi pek \u00e7ok skeci de TRT radyo programlar\u0131nda yay\u0131nland\u0131.<\/p>\n\n\n\n<p>\u015eiirlerinden 100 kadar\u0131 Sadettin \u00d6ktenay, Ziya Ta\u015fkent, Bilge \u00d6zgen, \u00c2mir Ate\u015f, Y\u0131ld\u0131r\u0131m G\u00fcrses, Selahattin Alt\u0131nba\u015f ve Talat Er gibide\u011ferli bestek\u00e2rlar taraf\u0131ndan bestelenmi\u015f olup m\u00fbsik\u00eemize kazand\u0131r\u0131lm\u0131\u015ft\u0131r.<\/p>\n\n\n\n<p>\u00c7e\u015fitli yar\u0131\u015fmalarda birincilik, ikincilik, \u00fc\u00e7\u00fcnc\u00fcl\u00fck ve mansiyon \u00f6d\u00fclleri vard\u0131r. \u00dcsk\u00fcdar M\u00fbs\u0131k\u00ee Cemiyeti 100. kurulu\u015f y\u0131ld\u00f6n\u00fcm\u00fcnde yap\u0131lan yar\u0131\u015fmada ald\u0131\u011f\u0131 ikincilik \u00f6d\u00fcl\u00fc de bunlardan biridir.<\/p>\n\n\n\n<p>Milliyet gazetesinin a\u00e7t\u0131\u011f\u0131 1997 y\u0131l\u0131n\u0131n en sevilen 10 \u015fark\u0131s\u0131 yar\u0131\u015fmas\u0131nda \u201cGit Diyorsam da Gitme\u201d isimli g\u00fcftesi ile y\u0131l\u0131n \u015fark\u0131s\u0131 \u00f6d\u00fcl\u00fcne l\u00e2y\u0131k g\u00f6r\u00fcld\u00fc.<\/p>\n\n\n\n<p>G\u00f6rev yeri Sakarya\u2019da, Sakarya Sanat K\u00fclt\u00fcr ve Dayan\u0131\u015fma Derne\u011fini kurarak uzun y\u0131llar ba\u015fkanl\u0131\u011f\u0131n\u0131 yapt\u0131. Mesam ve \u0130lesam \u00fcyesi olan Berran Yal\u00e7\u0131n iki \u00e7ocuk annesi olup, Ankara\u2019da ya\u015famaktad\u0131r.<br><\/p>\n\n\n\n<p><strong>G\u00dcFTELER\u0130N\u0130 BESTELEYEN BESTEK\u00c2RLAR<\/strong> (BAZILARI)<\/p>\n\n\n\n<p>1-Sadettin \u00d6ktenay<\/p>\n\n\n\n<p>2-Ziya Ta\u015fkent<\/p>\n\n\n\n<p>3-Bilge \u00d6zgen<\/p>\n\n\n\n<p>4-\u00c2mir Ate\u015f<\/p>\n\n\n\n<p>5-Y\u0131ld\u0131r\u0131m G\u00fcrses<\/p>\n\n\n\n<p>6-Faruk \u015eahin<\/p>\n\n\n\n<p>7-Mahmut O\u011ful<\/p>\n\n\n\n<p>8-Celal Abac\u0131<\/p>\n\n\n\n<p>9-Dursun Karaca<\/p>\n\n\n\n<p>10-Ertu\u011frul Ottekin<\/p>\n\n\n\n<p>11-\u00dcnal Y\u0131lmazer<\/p>\n\n\n\n<p>12-Ziya Levent Top\u00e7uo\u011flu<\/p>\n\n\n\n<p>13 Suat Y\u0131ld\u0131r\u0131m<\/p>\n\n\n\n<p>14-Hasan Esen<\/p>\n\n\n\n<p>15-Selahattin Alt\u0131nba\u015f<\/p>\n\n\n\n<p>16-Ferhat Sarmusak<\/p>\n\n\n\n<p>17-Talat Er<\/p>\n\n\n\n<p>18-\u0130lg\u00fcn Soysev 19 P\u0131nar K\u00f6ksal<\/p>\n","protected":false},"excerpt":{"rendered":"<p>Sinop\u2019ta do\u011fdu. \u0130lk ve ortaokul \u00f6\u011frenimini Sinop\u2019ta yapt\u0131ktan sonra Kastamonu K\u0131z \u0130lk\u00f6\u011fretmen Okulunda okudu. Ortaokul y\u0131llar\u0131ndan itibaren \u015fiirleri Varl\u0131k, Ilgaz, Elif, \u00c7a\u011fr\u0131 gibi gazete ve dergilerde, G\u00fcl Deste ve Ajans T\u00fcrk yay\u0131nlar\u0131 antolojilerinde yer ald\u0131. TRT\u2019nin&nbsp; (Geceye Do\u011fru, Enis Fosforo\u011flu ile 120 Dakika, Bir Tutam Hasret)&nbsp; radyo programlar\u0131nda d\u00fczenli olarak \u015fiirleri okundu.&nbsp; 60\u2019l\u0131 y\u0131llarda \u201c\u00d6\u011fretmeni [&hellip;]<\/p>\n","protected":false},"author":1,"featured_media":0,"comment_status":"open","ping_status":"closed","sticky":false,"template":"","format":"standard","meta":{"footnotes":""},"categories":[5,8],"tags":[],"class_list":["post-1414","post","type-post","status-publish","format-standard","hentry","category-biyografi","category-emek-odulu"],"_links":{"self":[{"href":"https:\/\/enguru.org.tr\/index.php\/wp-json\/wp\/v2\/posts\/1414","targetHints":{"allow":["GET"]}}],"collection":[{"href":"https:\/\/enguru.org.tr\/index.php\/wp-json\/wp\/v2\/posts"}],"about":[{"href":"https:\/\/enguru.org.tr\/index.php\/wp-json\/wp\/v2\/types\/post"}],"author":[{"embeddable":true,"href":"https:\/\/enguru.org.tr\/index.php\/wp-json\/wp\/v2\/users\/1"}],"replies":[{"embeddable":true,"href":"https:\/\/enguru.org.tr\/index.php\/wp-json\/wp\/v2\/comments?post=1414"}],"version-history":[{"count":2,"href":"https:\/\/enguru.org.tr\/index.php\/wp-json\/wp\/v2\/posts\/1414\/revisions"}],"predecessor-version":[{"id":1419,"href":"https:\/\/enguru.org.tr\/index.php\/wp-json\/wp\/v2\/posts\/1414\/revisions\/1419"}],"wp:attachment":[{"href":"https:\/\/enguru.org.tr\/index.php\/wp-json\/wp\/v2\/media?parent=1414"}],"wp:term":[{"taxonomy":"category","embeddable":true,"href":"https:\/\/enguru.org.tr\/index.php\/wp-json\/wp\/v2\/categories?post=1414"},{"taxonomy":"post_tag","embeddable":true,"href":"https:\/\/enguru.org.tr\/index.php\/wp-json\/wp\/v2\/tags?post=1414"}],"curies":[{"name":"wp","href":"https:\/\/api.w.org\/{rel}","templated":true}]}}