{"id":1423,"date":"2024-09-17T17:41:33","date_gmt":"2024-09-17T14:41:33","guid":{"rendered":"https:\/\/enguru.org.tr\/?p=1423"},"modified":"2024-09-17T18:34:57","modified_gmt":"2024-09-17T15:34:57","slug":"ozgen-gurbuz","status":"publish","type":"post","link":"https:\/\/enguru.org.tr\/index.php\/2024\/09\/17\/ozgen-gurbuz\/","title":{"rendered":"\u00d6ZGEN G\u00dcRB\u00dcZ"},"content":{"rendered":"\n<p>Amasya-Merzifon\u2019da d\u00fcnyaya geldi. \u0130stanbul Teknik \u00dcniversitesi T\u00fcrk M\u00fczi\u011fi Devlet Konservatuvar\u0131 ve Ortado\u011fu Teknik \u00dcniversitesi \u0130n\u015faat M\u00fchendisli\u011fi B\u00f6l\u00fcm\u00fcnden mezun oldu.<\/p>\n\n\n\n<p>M\u00fczi\u011fe, mandolin ve keman \u00e7alan babas\u0131 ile sesi g\u00fczel olan annesinin te\u015fvikleri ve destekleriyle ba\u015flad\u0131. Ortaokulda melodika, mandolin, akordeon \u00e7almas\u0131n\u0131, ODT\u00dc \u00f6\u011frencili\u011fi s\u0131ras\u0131nda Tanbur ve Ud \u00e7almas\u0131n\u0131 kendi kendine \u00f6\u011frendi. Cinu\u00e7en Tanr\u0131korur ve Erol Sayan\u2019\u0131n koro derslerine kat\u0131ld\u0131. Konservatuar y\u0131llar\u0131nda Necdet Ya\u015far, Bekir S\u0131tk\u0131 Sezgin ve Aka G\u00fcnd\u00fcz Kutbay ile birlikte m\u00fczik icra etme ve onlardan yararlanma \u015fans\u0131na ula\u015ft\u0131.<\/p>\n\n\n\n<p>Prof. Dr. Nevzat Atl\u0131\u011f, Erc\u00fcment Berker, Cafer A\u00e7\u0131n, C\u00fcneyt Orhon, \u0130smail Baha S\u00fcrelsan, Kenan Yomral\u0131, Saim Konak\u00e7\u0131, Y\u0131lmaz Pakal\u0131nlar ve Zihni Der\u00e7in gibi de\u011ferli \u015fahsiyetlerin te\u015fvik, destek ve yard\u0131mlar\u0131n\u0131 g\u00f6rd\u00fc.<\/p>\n\n\n\n<p>1976-2016 y\u0131llar\u0131 aras\u0131nda; \u0130stanbul Belediye Konservatuvar\u0131 \u0130cra Heyetinde, K\u00fclt\u00fcr Bakanl\u0131\u011f\u0131 \u0130stanbul Devlet Kl\u00e2sik T\u00fcrk M\u00fczi\u011fi Korosunda Tanbur-Ses Sanat\u00e7\u0131s\u0131, <strong>TRT\u2019de<\/strong> <strong>M\u00fczik Dairesi<\/strong> <strong>T\u00fcrk Sanat M\u00fczi\u011fi M\u00fcd\u00fcr\u00fc,<\/strong> <strong>M\u00fczik Dairesi Ba\u015fkan Yard\u0131mc\u0131s\u0131, Ba\u015fkan Vekili, <\/strong>Ankara Radyosunda Koro \u015eefi, Tanbur ve Lavta Sanat\u00e7\u0131s\u0131 olarak g\u00f6revler yapt\u0131. Ayr\u0131ca TRT\u2019de S\u0131nav, Ara\u015ft\u0131rma, Denetleme, Repertuvar ve \u00d6zel Dan\u0131\u015fma Kurullar\u0131nda, ba\u015fkanl\u0131k ve \u00fcyelik g\u00f6revlerini \u00fcstlendi. Uzun y\u0131llar TRT TSM \u00c7ocuk ve Gen\u00e7lik Korolar\u0131nda kurucu, \u015fef ve e\u011fitici olarak hizmet verdi.<\/p>\n\n\n\n<p>1987 y\u0131l\u0131ndan itibaren, ba\u015fta TRT olmak \u00fczere, \u00e7e\u015fitli valilikler, belediyeler vd. kurulu\u015flarca a\u00e7\u0131lan \u00e7ok say\u0131da beste ve ses yar\u0131\u015fmas\u0131n\u0131n \u015fartnamesini haz\u0131rlad\u0131. Yar\u0131\u015fma kurullar\u0131nda ba\u015fkanl\u0131k, \u00fcyelik, genel koordinat\u00f6rl\u00fck ve yar\u0131\u015fmalar\u0131n (canl\u0131) Televizyon final programlar\u0131nda \u015feflik yapt\u0131.<\/p>\n\n\n\n<p>TRT Ankara Radyosunda 2008 y\u0131l\u0131ndan itibaren yay\u0131nlanan \u00e7e\u015fitli canl\u0131 Radyo programlar\u0131nda dan\u0131\u015fmanl\u0131k ve sunuculuk yapm\u0131\u015f olup, TRT Na\u011fme Radyo Kanal\u0131nda, 1,5 y\u0131l s\u00fcreli \u201cGen\u00e7lerle TSM\u201d adl\u0131 program ile her hafta canl\u0131 olarak yay\u0131nlanan \u201cTarihsel Ak\u0131\u015f\u0131 \u0130\u00e7inde Kl\u00e2sik T\u00fcrk M\u00fczi\u011fi\u201dadl\u0131 akademik-m\u00fczikolojik i\u00e7erikli program\u0131n Dan\u0131\u015fman\u0131, Yap\u0131mc\u0131s\u0131 ve Sunucusu olarak hizmet verdi.<\/p>\n\n\n\n<p>H\u00e2len; Hacettepe \u00dcniversitesi Devlet Konservatuvar\u0131 ile Hac\u0131 Bayram Veli \u00dcniversitesi T\u00fcrk M\u00fczi\u011fi Devlet Konservatuvar\u0131nda tanbur dersleri vermektedir.<\/p>\n\n\n\n<p>\u0130lk bestesini 1968 y\u0131l\u0131nda yapan \u00d6zgen G\u00dcRB\u00dcZ\u2019\u00fcn 35\u2019i TRT Repertuvar\u0131nda olmak \u00fczere 50 civar\u0131nda eseri bulunmaktad\u0131r.<\/p>\n\n\n\n<p>\u201cT\u00fcrk M\u00fczi\u011fi \u00c7evre \u00c7ocuk \u015eark\u0131lar\u0131 Yar\u0131\u015fmas\u0131\u201dnda <strong>\u201cD\u00fcnyam\u0131z G\u00fczel\u201d<\/strong> s\u00f6zleriyle ba\u015flayan \u00e7ocuk \u015fark\u0131s\u0131 ile \u00f6d\u00fcl kazanm\u0131\u015f,\u201c<strong>K\u00f6m\u00fcr G\u00f6z\u00fcn Akl\u0131m Ald\u0131 Akl\u0131m\u0131 Balam<\/strong>\u201d, <strong>\u201cBana Gel, Sevgilim Ol\u201d<\/strong> ve \u201c<strong>Beni G\u00f6nl\u00fcne Alsan Orda Uyuyup Kalsam<\/strong>\u201d isimli \u015fark\u0131lar\u0131yla \u201c<strong>Milliyet Gazetesi\u2019nin Y\u0131l\u0131n En Sevilen 10 \u015eark\u0131s\u0131 yar\u0131\u015fmas\u0131nda 1991 ve 1995\u2019de dokuzunculuk <\/strong>ve<strong> 1998\u2019de<\/strong> <strong>Mansiyon<\/strong> alm\u0131\u015ft\u0131r.<\/p>\n\n\n\n<p><strong>\u201cT\u00fcrk M\u00fbs\u0131k\u00eesi Ses Sistemi\u201d <\/strong>konusundaara\u015ft\u0131rmalar ve \u00e7al\u0131\u015fmalar yapm\u0131\u015f, bir \u00e7al\u0131\u015fmas\u0131 \u201cTRT M\u00fczik Dairesi Yay\u0131n\u0131\u201d olarak 1983 y\u0131l\u0131nda bas\u0131lm\u0131\u015ft\u0131r.<\/p>\n\n\n\n<p>1973 y\u0131l\u0131ndan itibaren, bir\u00e7ok kurulu\u015f\/derne\u011fin TSM Korolar\u0131nda \u015fef ve e\u011fitici olarak m\u00fczi\u011fimize hizmet etmi\u015f olan \u00d6zgen G\u00dcRB\u00dcZ; \u0130T\u00dc T\u00fcrk M\u00fbs\u0131k\u00eesi Devlet Konservatuvar\u0131, Sel\u00e7uk \u00dcniversitesi ve K\u00fclt\u00fcr Bakanl\u0131\u011f\u0131nca d\u00fczenlenen T\u00fcrk M\u00fczi\u011fi Kongrelerine s\u00f6zl\u00fc bildirileri ile konu\u015fmac\u0131 olarak katk\u0131 sa\u011flam\u0131\u015ft\u0131r.<\/p>\n\n\n\n<p>Evli ve iki \u00e7ocuk babas\u0131 olan \u00d6zgen G\u00fcrb\u00fcz \u0130dil Ece\u2019nin de b\u00fcy\u00fckbabas\u0131d\u0131r.<\/p>\n","protected":false},"excerpt":{"rendered":"<p>Amasya-Merzifon\u2019da d\u00fcnyaya geldi. \u0130stanbul Teknik \u00dcniversitesi T\u00fcrk M\u00fczi\u011fi Devlet Konservatuvar\u0131 ve Ortado\u011fu Teknik \u00dcniversitesi \u0130n\u015faat M\u00fchendisli\u011fi B\u00f6l\u00fcm\u00fcnden mezun oldu. M\u00fczi\u011fe, mandolin ve keman \u00e7alan babas\u0131 ile sesi g\u00fczel olan annesinin te\u015fvikleri ve destekleriyle ba\u015flad\u0131. Ortaokulda melodika, mandolin, akordeon \u00e7almas\u0131n\u0131, ODT\u00dc \u00f6\u011frencili\u011fi s\u0131ras\u0131nda Tanbur ve Ud \u00e7almas\u0131n\u0131 kendi kendine \u00f6\u011frendi. Cinu\u00e7en Tanr\u0131korur ve Erol Sayan\u2019\u0131n koro [&hellip;]<\/p>\n","protected":false},"author":1,"featured_media":0,"comment_status":"open","ping_status":"closed","sticky":false,"template":"","format":"standard","meta":{"footnotes":""},"categories":[5,8],"tags":[],"class_list":["post-1423","post","type-post","status-publish","format-standard","hentry","category-biyografi","category-emek-odulu"],"_links":{"self":[{"href":"https:\/\/enguru.org.tr\/index.php\/wp-json\/wp\/v2\/posts\/1423","targetHints":{"allow":["GET"]}}],"collection":[{"href":"https:\/\/enguru.org.tr\/index.php\/wp-json\/wp\/v2\/posts"}],"about":[{"href":"https:\/\/enguru.org.tr\/index.php\/wp-json\/wp\/v2\/types\/post"}],"author":[{"embeddable":true,"href":"https:\/\/enguru.org.tr\/index.php\/wp-json\/wp\/v2\/users\/1"}],"replies":[{"embeddable":true,"href":"https:\/\/enguru.org.tr\/index.php\/wp-json\/wp\/v2\/comments?post=1423"}],"version-history":[{"count":1,"href":"https:\/\/enguru.org.tr\/index.php\/wp-json\/wp\/v2\/posts\/1423\/revisions"}],"predecessor-version":[{"id":1424,"href":"https:\/\/enguru.org.tr\/index.php\/wp-json\/wp\/v2\/posts\/1423\/revisions\/1424"}],"wp:attachment":[{"href":"https:\/\/enguru.org.tr\/index.php\/wp-json\/wp\/v2\/media?parent=1423"}],"wp:term":[{"taxonomy":"category","embeddable":true,"href":"https:\/\/enguru.org.tr\/index.php\/wp-json\/wp\/v2\/categories?post=1423"},{"taxonomy":"post_tag","embeddable":true,"href":"https:\/\/enguru.org.tr\/index.php\/wp-json\/wp\/v2\/tags?post=1423"}],"curies":[{"name":"wp","href":"https:\/\/api.w.org\/{rel}","templated":true}]}}