{"id":1505,"date":"2025-09-05T10:19:30","date_gmt":"2025-09-05T07:19:30","guid":{"rendered":"https:\/\/enguru.org.tr\/?p=1505"},"modified":"2025-09-05T10:19:30","modified_gmt":"2025-09-05T07:19:30","slug":"enguru-turk-muzigi-dernegi-10-genel-kurul-ilani","status":"publish","type":"post","link":"https:\/\/enguru.org.tr\/index.php\/2025\/09\/05\/enguru-turk-muzigi-dernegi-10-genel-kurul-ilani\/","title":{"rendered":"ENG\u00dcR\u00dc T\u00dcRK M\u00dcZ\u0130\u011e\u0130 DERNE\u011e\u0130 &#8211; 10.GENEL KURUL \u0130LANI"},"content":{"rendered":"\n<p>Derne\u011fimizin 10. Ola\u011fan Genel Kurulu, Mithatpa\u015fa Caddesi Y\u00fcksek Ticaretliler Saray\u0131 16\/6 (\u0130stanbul Y\u00fcksek Ticaret Mezunlar\u0131 Derne\u011fi) adresinde 18 May\u0131s 2025 Pazar g\u00fcn\u00fc saat 14.00\u2019de, \u00e7o\u011funluk sa\u011flanamad\u0131\u011f\u0131 takdirde 25 May\u0131s 2025 g\u00fcn\u00fc ayn\u0131 yer ve saatte a\u015fa\u011f\u0131daki g\u00fcndemle toplanacakt\u0131r.<br><strong>\u00dcyelerimize duyurulur.<\/strong><\/p>\n\n\n\n<p>Y\u00f6netim Kurulu<\/p>\n\n\n\n<p><strong>G\u00dcNDEM<\/strong><\/p>\n\n\n\n<ol class=\"wp-block-list\">\n<li>A\u00e7\u0131l\u0131\u015f, yoklama ve sayg\u0131 duru\u015fu<\/li>\n\n\n\n<li>Ba\u015fkanl\u0131k Divan\u0131 te\u015fkili<\/li>\n\n\n\n<li>Y\u00f6netim ve Denetim kurullar\u0131 faaliyet raporlar\u0131n\u0131n okunmas\u0131 ve g\u00f6r\u00fc\u015f\u00fclmesi<\/li>\n\n\n\n<li>Y\u00f6netim ve Denetim kurullar\u0131n\u0131n ibras\u0131<\/li>\n\n\n\n<li>2025-2028 faaliyet d\u00f6nemi tahmini b\u00fct\u00e7esinin g\u00f6r\u00fc\u015f\u00fclmesi<\/li>\n\n\n\n<li>Yeni Y\u00f6netim ve denetim kurullar\u0131n\u0131n se\u00e7imi<\/li>\n\n\n\n<li>Dilek ve temenniler<\/li>\n\n\n\n<li>Kapan\u0131\u015f<\/li>\n<\/ol>\n\n\n\n<figure class=\"wp-block-image\"><img loading=\"lazy\" decoding=\"async\" width=\"1024\" height=\"337\" src=\"https:\/\/enguru.org.tr\/wp-content\/uploads\/2025\/05\/Hesap_ozeti-1-1024x337.jpg\" alt=\"\" class=\"wp-image-1493\" srcset=\"https:\/\/enguru.org.tr\/wp-content\/uploads\/2025\/05\/Hesap_ozeti-1-1024x337.jpg 1024w, https:\/\/enguru.org.tr\/wp-content\/uploads\/2025\/05\/Hesap_ozeti-1-300x99.jpg 300w, https:\/\/enguru.org.tr\/wp-content\/uploads\/2025\/05\/Hesap_ozeti-1-768x253.jpg 768w, https:\/\/enguru.org.tr\/wp-content\/uploads\/2025\/05\/Hesap_ozeti-1.jpg 1282w\" sizes=\"auto, (max-width: 1024px) 100vw, 1024px\" \/><\/figure>\n\n\n\n<figure class=\"wp-block-image\"><img loading=\"lazy\" decoding=\"async\" width=\"1024\" height=\"245\" src=\"https:\/\/enguru.org.tr\/wp-content\/uploads\/2025\/05\/Hesap_ozeti25-1024x245.jpg\" alt=\"\" class=\"wp-image-1494\" srcset=\"https:\/\/enguru.org.tr\/wp-content\/uploads\/2025\/05\/Hesap_ozeti25-1024x245.jpg 1024w, https:\/\/enguru.org.tr\/wp-content\/uploads\/2025\/05\/Hesap_ozeti25-300x72.jpg 300w, https:\/\/enguru.org.tr\/wp-content\/uploads\/2025\/05\/Hesap_ozeti25-768x184.jpg 768w, https:\/\/enguru.org.tr\/wp-content\/uploads\/2025\/05\/Hesap_ozeti25.jpg 1464w\" sizes=\"auto, (max-width: 1024px) 100vw, 1024px\" \/><\/figure>\n\n\n\n<figure class=\"wp-block-image\"><img loading=\"lazy\" decoding=\"async\" width=\"1024\" height=\"355\" src=\"https:\/\/enguru.org.tr\/wp-content\/uploads\/2025\/05\/Hesap_ozeti25-28--1024x355.jpg\" alt=\"\" class=\"wp-image-1496\" srcset=\"https:\/\/enguru.org.tr\/wp-content\/uploads\/2025\/05\/Hesap_ozeti25-28--1024x355.jpg 1024w, https:\/\/enguru.org.tr\/wp-content\/uploads\/2025\/05\/Hesap_ozeti25-28--300x104.jpg 300w, https:\/\/enguru.org.tr\/wp-content\/uploads\/2025\/05\/Hesap_ozeti25-28--768x266.jpg 768w, https:\/\/enguru.org.tr\/wp-content\/uploads\/2025\/05\/Hesap_ozeti25-28--1536x533.jpg 1536w, https:\/\/enguru.org.tr\/wp-content\/uploads\/2025\/05\/Hesap_ozeti25-28-.jpg 1696w\" sizes=\"auto, (max-width: 1024px) 100vw, 1024px\" \/><\/figure>\n\n\n\n<p><\/p>\n","protected":false},"excerpt":{"rendered":"<p>Derne\u011fimizin 10. Ola\u011fan Genel Kurulu, Mithatpa\u015fa Caddesi Y\u00fcksek Ticaretliler Saray\u0131 16\/6 (\u0130stanbul Y\u00fcksek Ticaret Mezunlar\u0131 Derne\u011fi) adresinde 18 May\u0131s 2025 Pazar g\u00fcn\u00fc saat 14.00\u2019de, \u00e7o\u011funluk sa\u011flanamad\u0131\u011f\u0131 takdirde 25 May\u0131s 2025 g\u00fcn\u00fc ayn\u0131 yer ve saatte a\u015fa\u011f\u0131daki g\u00fcndemle toplanacakt\u0131r.\u00dcyelerimize duyurulur. Y\u00f6netim Kurulu G\u00dcNDEM<\/p>\n","protected":false},"author":1,"featured_media":0,"comment_status":"open","ping_status":"closed","sticky":false,"template":"","format":"standard","meta":{"footnotes":""},"categories":[104],"tags":[103,102,101],"class_list":["post-1505","post","type-post","status-publish","format-standard","hentry","category-kurul-ilani","tag-10-genel-kurul","tag-kurul","tag-kurul-ilani"],"_links":{"self":[{"href":"https:\/\/enguru.org.tr\/index.php\/wp-json\/wp\/v2\/posts\/1505","targetHints":{"allow":["GET"]}}],"collection":[{"href":"https:\/\/enguru.org.tr\/index.php\/wp-json\/wp\/v2\/posts"}],"about":[{"href":"https:\/\/enguru.org.tr\/index.php\/wp-json\/wp\/v2\/types\/post"}],"author":[{"embeddable":true,"href":"https:\/\/enguru.org.tr\/index.php\/wp-json\/wp\/v2\/users\/1"}],"replies":[{"embeddable":true,"href":"https:\/\/enguru.org.tr\/index.php\/wp-json\/wp\/v2\/comments?post=1505"}],"version-history":[{"count":1,"href":"https:\/\/enguru.org.tr\/index.php\/wp-json\/wp\/v2\/posts\/1505\/revisions"}],"predecessor-version":[{"id":1506,"href":"https:\/\/enguru.org.tr\/index.php\/wp-json\/wp\/v2\/posts\/1505\/revisions\/1506"}],"wp:attachment":[{"href":"https:\/\/enguru.org.tr\/index.php\/wp-json\/wp\/v2\/media?parent=1505"}],"wp:term":[{"taxonomy":"category","embeddable":true,"href":"https:\/\/enguru.org.tr\/index.php\/wp-json\/wp\/v2\/categories?post=1505"},{"taxonomy":"post_tag","embeddable":true,"href":"https:\/\/enguru.org.tr\/index.php\/wp-json\/wp\/v2\/tags?post=1505"}],"curies":[{"name":"wp","href":"https:\/\/api.w.org\/{rel}","templated":true}]}}